{"id":99,"__str__":"Professora Jislaine Vanite (2\u00ba orador)","link_detail_backend":"/sessao/oradorordemdia/99","metadata":{},"numero_ordem":2,"url_discurso":"","observacao":"Discuss\u00e3o da Emenda Aditiva- Projeto de Resolu\u00e7\u00e3o 003","upload_anexo":null,"sessao_plenaria":897,"parlamentar":40}