{"id":151,"__str__":"Professora Ang\u00e9lica (9\u00ba orador)","link_detail_backend":"/sessao/oradorordemdia/151","metadata":{},"numero_ordem":9,"url_discurso":"","observacao":"Discuss\u00e3o da Mo\u00e7\u00e3o 006/2025","upload_anexo":null,"sessao_plenaria":911,"parlamentar":39}