{"id":106,"__str__":"Professora Jislaine Vanite (9\u00ba orador)","link_detail_backend":"/sessao/oradorordemdia/106","metadata":{},"numero_ordem":9,"url_discurso":"","observacao":"Discuss\u00e3o do Projeto de Resolu\u00e7\u00e3o 003/2025 emendado","upload_anexo":null,"sessao_plenaria":897,"parlamentar":40}