{"id":104,"__str__":"Professora Ang\u00e9lica (7\u00ba orador)","link_detail_backend":"/sessao/oradorordemdia/104","metadata":{},"numero_ordem":7,"url_discurso":"","observacao":"Discuss\u00e3o da Emenda Supressiva- Projeto de Resolu\u00e7\u00e3o 003","upload_anexo":null,"sessao_plenaria":897,"parlamentar":39}