{"id":934,"__str__":"-Requerimento n\u00ba 6 de 2022","link_detail_backend":"/materia/934","metadata":{},"numero":6,"ano":2022,"numero_protocolo":null,"data_apresentacao":"2022-03-15","tipo_apresentacao":"E","data_publicacao":null,"numero_origem_externa":"","ano_origem_externa":null,"data_origem_externa":null,"apelido":"","dias_prazo":null,"data_fim_prazo":null,"em_tramitacao":false,"polemica":false,"objeto":"","complementar":false,"ementa":"INFORMA\u00c7\u00d5ES SOBRE CONV\u00caNIO \u2013 MUNC\u00cdPIO X CISMEPAR \u2013 TRATAMENTO ODONTOL\u00d3GICO/PR\u00d3TESE","indexacao":"Considerando a resposta efetuada pelo Executivo ao requerimento 04/2022 \u2013 onde foi informado que o Munic\u00edpio de Tamarana firmou conv\u00eanio com o Cismepar para atendimento de fornecimento de pr\u00f3tese dent\u00e1ria e demais especialidades em Sa\u00fade Bucal.\r\nRequeiro as seguintes informa\u00e7\u00f5es:\r\n1 \u2013 Qual o valor do repasse mensal ao CISMEPAR para este atendimento.\r\n2 \u2013 Quantas pr\u00f3teses dent\u00e1rias j\u00e1 foram fornecidas atrav\u00e9s deste conv\u00eanio;\r\n3 \u2013 Quantos atendimentos a nossa popula\u00e7\u00e3o j\u00e1 foram efetuados atrav\u00e9s deste conv\u00eanio;\r\n4 \u2013 Quais s\u00e3o os crit\u00e9rios para atendimento a popula\u00e7\u00e3o;\r\nIndico a mesa, depois de cumpridas as formalidades regimentais, seja oficiado o Exma. Sra. Prefeita Municipal, solicitando tais provid\u00eancias.","observacao":"","resultado":"","texto_original":"http://sapl.tamarana.pr.leg.br/media/sapl/public/materialegislativa/2022/934/req._006-2022_-_protese_tega.pdf","data_ultima_atualizacao":"2022-04-11T11:37:22.266482-03:00","ip":"45.229.91.94","ultima_edicao":"2022-03-21T11:54:43.917940-03:00","tipo":9,"regime_tramitacao":1,"tipo_origem_externa":null,"local_origem_externa":null,"user":15,"anexadas":[],"autores":[9]}