{"id":837,"__str__":"-Projeto de Lei Ordin\u00e1ria do Executivo n\u00ba 30 de 2021","link_detail_backend":"/materia/837","metadata":{},"numero":30,"ano":2021,"numero_protocolo":97,"data_apresentacao":"2021-10-22","tipo_apresentacao":"","data_publicacao":null,"numero_origem_externa":"","ano_origem_externa":null,"data_origem_externa":null,"apelido":"","dias_prazo":null,"data_fim_prazo":null,"em_tramitacao":false,"polemica":false,"objeto":"","complementar":false,"ementa":"Institui no Calend\u00e1rio de Comemora\u00e7\u00f5es Oficiais do Munic\u00edpio o Dia da Luta Contra a Endometriose","indexacao":"","observacao":"","resultado":"","texto_original":"http://sapl.tamarana.pr.leg.br/media/sapl/public/materialegislativa/2021/837/projeto_de_lei_030-21_institui_no_calendario_de_comemoracoes_oficiais_do_municipio_o_dia_da_luta_contra_a_endometriose.pdf","data_ultima_atualizacao":"2022-09-21T10:10:05.468012-03:00","ip":"45.229.91.94","ultima_edicao":"2021-10-22T10:14:05.244571-03:00","tipo":4,"regime_tramitacao":1,"tipo_origem_externa":null,"local_origem_externa":null,"user":15,"anexadas":[],"autores":[22]}