{"id":784,"__str__":"-Indica\u00e7\u00e3o n\u00ba 115 de 2021","link_detail_backend":"/materia/784","metadata":{},"numero":115,"ano":2021,"numero_protocolo":null,"data_apresentacao":"2021-09-14","tipo_apresentacao":"","data_publicacao":null,"numero_origem_externa":"","ano_origem_externa":null,"data_origem_externa":null,"apelido":"","dias_prazo":null,"data_fim_prazo":null,"em_tramitacao":false,"polemica":false,"objeto":"","complementar":false,"ementa":"Solicita\u00e7\u00e3o para instala\u00e7\u00e3o de lixeiras no entorno do Meu Campinho da Vila Siena, bem como a constru\u00e7\u00e3o de arquibancada ecol\u00f3gica no barranco no fundo do campo (ver modelo eco-est\u00e1dio, como \u00e9 conhecido o est\u00e1dio Janguito Malucelli.em Curitiba).","indexacao":"Atendo a solicita\u00e7\u00e3o de moradores da Vila Siena, para melhor utiliza\u00e7\u00e3o do espa\u00e7o esportivo do Meu Campinho indicamos ao Executivo que seja colocadas lixeiras no entorno do Campo bem a utiliza\u00e7\u00e3o do barraco para a constru\u00e7\u00e3o de arquibancada baseada no projeto executado no campo do eco-est\u00e1dio, como \u00e9 conhecido o est\u00e1dio Janguito Malucelli.em Curitiba.\r\n\r\n \r\n\r\nIndicamos a mesa, depois de cumpridas as formalidades regimentais, seja oficiado a Exma. Sra. Prefeita Municipal, solicitando tais provid\u00eancias.","observacao":"","resultado":"","texto_original":"http://sapl.tamarana.pr.leg.br/media/sapl/public/materialegislativa/2021/784/ind._115.pdf","data_ultima_atualizacao":"2021-10-04T13:14:02.043841-03:00","ip":"45.229.91.94","ultima_edicao":"2021-09-20T10:09:00.517304-03:00","tipo":8,"regime_tramitacao":1,"tipo_origem_externa":null,"local_origem_externa":null,"user":15,"anexadas":[],"autores":[24]}