{"id":2623,"__str__":"-Emenda n\u00ba 12 de 2025","link_detail_backend":"/materia/2623","metadata":{},"numero":12,"ano":2025,"numero_protocolo":969,"data_apresentacao":"2025-12-04","tipo_apresentacao":"E","data_publicacao":null,"numero_origem_externa":"","ano_origem_externa":null,"data_origem_externa":null,"apelido":"","dias_prazo":null,"data_fim_prazo":null,"em_tramitacao":true,"polemica":false,"objeto":"","complementar":false,"ementa":"Emenda Separativa n\u00b012 ao Projeto de Lei n\u00b0 039/2025\r\nInstitui o Comit\u00ea Municipal do Transporte Escolar de Tamarana/PR, regulamenta suas a\u00e7\u00f5es e composi\u00e7\u00e3o, e d\u00e1 outras providencias","indexacao":"","observacao":"","resultado":"","texto_original":"http://sapl.tamarana.pr.leg.br/media/sapl/public/materialegislativa/2025/2623/emenda_separativa_ao_projeto_de_lei_n_039.pdf","data_ultima_atualizacao":"2025-12-04T14:36:19.430531-03:00","ip":"200.155.62.201","ultima_edicao":"2025-12-04T14:36:19.294884-03:00","tipo":13,"regime_tramitacao":1,"tipo_origem_externa":null,"local_origem_externa":null,"user":26,"anexadas":[],"autores":[62]}