{"id":2551,"__str__":"-Indica\u00e7\u00e3o n\u00ba 471 de 2025","link_detail_backend":"/materia/2551","metadata":{},"numero":471,"ano":2025,"numero_protocolo":872,"data_apresentacao":"2025-10-20","tipo_apresentacao":"E","data_publicacao":null,"numero_origem_externa":"","ano_origem_externa":null,"data_origem_externa":null,"apelido":"","dias_prazo":null,"data_fim_prazo":null,"em_tramitacao":true,"polemica":false,"objeto":"","complementar":false,"ementa":"Solicita a realiza\u00e7\u00e3o de pinturas e sinaliza\u00e7\u00f5es vi\u00e1rias, incluindo faixas de pedestres e redutores de velocidade (Quebra-molas), nas vias p\u00fablicas do centro e dos bairros do munic\u00edpio","indexacao":"","observacao":"","resultado":"","texto_original":"http://sapl.tamarana.pr.leg.br/media/sapl/public/materialegislativa/2025/2551/ind_471_2025_nego_solicita_a_realizacao_de_pinturas_e_sinalizacoes__viarias_incluindo_faixas_de_pedestres_e_redutores_de_velocidade.pdf","data_ultima_atualizacao":"2025-10-16T14:21:45.486254-03:00","ip":"200.155.62.201","ultima_edicao":"2025-10-16T14:21:45.484601-03:00","tipo":8,"regime_tramitacao":1,"tipo_origem_externa":null,"local_origem_externa":null,"user":26,"anexadas":[],"autores":[63]}