{"id":2542,"__str__":"-Indica\u00e7\u00e3o n\u00ba 462 de 2025","link_detail_backend":"/materia/2542","metadata":{},"numero":462,"ano":2025,"numero_protocolo":863,"data_apresentacao":"2025-10-20","tipo_apresentacao":"E","data_publicacao":null,"numero_origem_externa":"","ano_origem_externa":null,"data_origem_externa":null,"apelido":"","dias_prazo":null,"data_fim_prazo":null,"em_tramitacao":true,"polemica":false,"objeto":"","complementar":false,"ementa":"Reitero ao Executivo Municipal, o pedido para a cria\u00e7\u00e3o do Viveiro Municipal, destinado \u00e0 produ\u00e7\u00e3o e distribui\u00e7\u00e3o de mudas de esp\u00e9cies nativas, ornamentais e frut\u00edferas, voltadas ao reflorestamento, \u00e0 arboriza\u00e7\u00e3o urbana e ao incentivo \u00e0 agricultura familiar","indexacao":"","observacao":"","resultado":"","texto_original":"http://sapl.tamarana.pr.leg.br/media/sapl/public/materialegislativa/2025/2542/ind_462_2025_valdenice_reitero_o_pedido_para_criacao_do_viveiro_municipal.pdf","data_ultima_atualizacao":"2025-10-16T10:12:30.047748-03:00","ip":"200.155.62.201","ultima_edicao":"2025-10-16T10:12:30.045850-03:00","tipo":8,"regime_tramitacao":1,"tipo_origem_externa":null,"local_origem_externa":null,"user":26,"anexadas":[],"autores":[64]}