{"id":2509,"__str__":"-Projeto de Lei Ordin\u00e1ria do Legislativo n\u00ba 13 de 2025","link_detail_backend":"/materia/2509","metadata":{},"numero":13,"ano":2025,"numero_protocolo":null,"data_apresentacao":"2025-09-03","tipo_apresentacao":"E","data_publicacao":null,"numero_origem_externa":"","ano_origem_externa":null,"data_origem_externa":null,"apelido":"","dias_prazo":null,"data_fim_prazo":null,"em_tramitacao":true,"polemica":false,"objeto":"","complementar":false,"ementa":"Revogam-se as Leis 216/2002, 223/2002 e 1590/2025, passando a denominar-se de \"Centro Municipal de Educa\u00e7\u00e3o Infantil Professora Eva Ramiro\" o Centro de Educa\u00e7\u00e3o Infantil localizado no Jardim Esperan\u00e7a, neste Munic\u00edpio.","indexacao":"","observacao":"","resultado":"","texto_original":"http://sapl.tamarana.pr.leg.br/media/sapl/public/materialegislativa/2025/2509/of_004_tega_encaminha_projeto_de_lei_no013.pdf","data_ultima_atualizacao":"2025-10-10T07:41:22.992293-03:00","ip":"200.155.62.201","ultima_edicao":"2025-09-26T15:53:15.837458-03:00","tipo":18,"regime_tramitacao":1,"tipo_origem_externa":null,"local_origem_externa":null,"user":14,"anexadas":[],"autores":[9]}