{"id":2502,"__str__":"-Indica\u00e7\u00e3o n\u00ba 441 de 2025","link_detail_backend":"/materia/2502","metadata":{},"numero":441,"ano":2025,"numero_protocolo":810,"data_apresentacao":"2025-09-29","tipo_apresentacao":"E","data_publicacao":null,"numero_origem_externa":"","ano_origem_externa":null,"data_origem_externa":null,"apelido":"","dias_prazo":null,"data_fim_prazo":null,"em_tramitacao":true,"polemica":false,"objeto":"","complementar":false,"ementa":"Reitero a solicita\u00e7\u00e3o, na forma regimental, ao Executivo Municipal e \u00e0 secretaria competente, para que sejam tomadas as devidas provid\u00eancias visando a execu\u00e7\u00e3o de ilumina\u00e7\u00e3o p\u00fablica na Viela Tupy, localizada entre as Ruas Fernando Tadei e Dem\u00e9trio Carneiro Siqueira","indexacao":"","observacao":"","resultado":"","texto_original":"http://sapl.tamarana.pr.leg.br/media/sapl/public/materialegislativa/2025/2502/ind_441_2025_valdenice_reitero_a_solicitacao_da_execucao_de_iluminacao_publica_na_viela_tupy.pdf","data_ultima_atualizacao":"2025-09-25T18:31:54.059930-03:00","ip":"200.155.62.201","ultima_edicao":"2025-09-25T18:31:53.895306-03:00","tipo":8,"regime_tramitacao":1,"tipo_origem_externa":null,"local_origem_externa":null,"user":14,"anexadas":[],"autores":[64]}