{"id":2446,"__str__":"Of\u00edcios n\u00ba 1111 de 2025","link_detail_backend":"/materia/2446","metadata":{},"numero":1111,"ano":2025,"numero_protocolo":738,"data_apresentacao":"2025-08-29","tipo_apresentacao":"E","data_publicacao":null,"numero_origem_externa":"","ano_origem_externa":null,"data_origem_externa":null,"apelido":"","dias_prazo":null,"data_fim_prazo":null,"em_tramitacao":false,"polemica":false,"objeto":"","complementar":false,"ementa":"Of 011/2025- solicita urg\u00eancia especial, ao projeto de Lei n\u00b0 25/2025 que \"Autoriza o Poder Executivo Municipal a contratar pessoal por tempo determinado para atender a necessidade tempor\u00e1ria de excepcional interesse p\u00fablico da Secretaria Municipal de Assist\u00eancia Social, nos termos do inciso IX do \r\nartigo 37 da Constitui\u00e7\u00e3o Federal, e d\u00e1 outras provid\u00eancias.","indexacao":"","observacao":"","resultado":"","texto_original":"http://sapl.tamarana.pr.leg.br/media/sapl/public/materialegislativa/2025/2446/of_011-2025_jislaine_solicita_urgencia_especial_ao_projeto_de_lei_no_25-2025.pdf","data_ultima_atualizacao":"2025-09-01T13:01:15.403062-03:00","ip":"200.155.62.201","ultima_edicao":"2025-09-01T13:01:14.387845-03:00","tipo":21,"regime_tramitacao":1,"tipo_origem_externa":null,"local_origem_externa":null,"user":14,"anexadas":[],"autores":[25]}