{"id":2409,"__str__":"-Indica\u00e7\u00e3o n\u00ba 372 de 2025","link_detail_backend":"/materia/2409","metadata":{},"numero":372,"ano":2025,"numero_protocolo":691,"data_apresentacao":"2025-08-25","tipo_apresentacao":"E","data_publicacao":null,"numero_origem_externa":"","ano_origem_externa":null,"data_origem_externa":null,"apelido":"","dias_prazo":null,"data_fim_prazo":null,"em_tramitacao":true,"polemica":false,"objeto":"","complementar":false,"ementa":"Solicito ao Poder Executivo que viabilize a instala\u00e7\u00e3o de Parquinho Infantil nas seguintes localidades: Reserva Ind\u00edgena, \u00c1gua Branca, Apucaraninha e Barreiro","indexacao":"","observacao":"","resultado":"","texto_original":"http://sapl.tamarana.pr.leg.br/media/sapl/public/materialegislativa/2025/2409/ind_372_2025_nego_solicito_ao_poder_executivo_que_viabilize_a_instalacao_de_parquinho_infantil.pdf","data_ultima_atualizacao":"2025-08-20T16:21:28.827649-03:00","ip":"200.155.62.201","ultima_edicao":"2025-08-20T16:21:28.825920-03:00","tipo":8,"regime_tramitacao":1,"tipo_origem_externa":null,"local_origem_externa":null,"user":26,"anexadas":[],"autores":[63]}