{"id":2328,"__str__":"-Indica\u00e7\u00e3o n\u00ba 321 de 2025","link_detail_backend":"/materia/2328","metadata":{},"numero":321,"ano":2025,"numero_protocolo":593,"data_apresentacao":"2025-06-30","tipo_apresentacao":"E","data_publicacao":null,"numero_origem_externa":"","ano_origem_externa":null,"data_origem_externa":null,"apelido":"","dias_prazo":null,"data_fim_prazo":null,"em_tramitacao":true,"polemica":false,"objeto":"","complementar":false,"ementa":"Solicita ao Executivo Municipal a constru\u00e7\u00e3o de banheiro p\u00fablico na Pra\u00e7a Ubaldino de S\u00e1 Bittencourt","indexacao":"","observacao":"","resultado":"","texto_original":"http://sapl.tamarana.pr.leg.br/media/sapl/public/materialegislativa/2025/2328/ind_321_2025_renan_solicita_a_construcao_de_banheiro_publico_na_praca_ubaldino_de_sa_bittencourt.pdf","data_ultima_atualizacao":"2025-06-25T16:07:41.558202-03:00","ip":"200.155.62.201","ultima_edicao":"2025-06-25T16:07:41.556591-03:00","tipo":8,"regime_tramitacao":1,"tipo_origem_externa":null,"local_origem_externa":null,"user":26,"anexadas":[],"autores":[8]}