{"id":2192,"__str__":"-Indica\u00e7\u00e3o n\u00ba 245 de 2025","link_detail_backend":"/materia/2192","metadata":{},"numero":245,"ano":2025,"numero_protocolo":421,"data_apresentacao":"2025-04-28","tipo_apresentacao":"E","data_publicacao":null,"numero_origem_externa":"","ano_origem_externa":null,"data_origem_externa":null,"apelido":"","dias_prazo":null,"data_fim_prazo":null,"em_tramitacao":true,"polemica":false,"objeto":"","complementar":false,"ementa":"Indico ao Executivo Municipal, e a Secretaria Respons\u00e1vel a necessidade de se tomar medidas que objetivem a instala\u00e7\u00e3o degrade de conten\u00e7\u00e3o e prote\u00e7\u00e3o, na frente do CMEI Adilson Siqueira dos Santos, localizado no jardim Europa garantindo assim mais seguran\u00e7a para os alunos","indexacao":"","observacao":"","resultado":"","texto_original":"http://sapl.tamarana.pr.leg.br/media/sapl/public/materialegislativa/2025/2192/ind_245_2025_valdenice__instalacao_de_grade_de_contencao_e_protecao_na_cmei_adilson.pdf","data_ultima_atualizacao":"2025-04-24T15:20:29.845346-03:00","ip":"200.155.62.201","ultima_edicao":"2025-04-24T15:20:29.843599-03:00","tipo":8,"regime_tramitacao":1,"tipo_origem_externa":null,"local_origem_externa":null,"user":26,"anexadas":[],"autores":[64]}