{"id":1425,"__str__":"-Projeto de Lei Ordin\u00e1ria do Executivo n\u00ba 8 de 2023","link_detail_backend":"/materia/1425","metadata":{},"numero":8,"ano":2023,"numero_protocolo":153,"data_apresentacao":"2023-04-06","tipo_apresentacao":"E","data_publicacao":null,"numero_origem_externa":"","ano_origem_externa":null,"data_origem_externa":null,"apelido":"","dias_prazo":null,"data_fim_prazo":null,"em_tramitacao":false,"polemica":false,"objeto":"","complementar":false,"ementa":"Altera a reda\u00e7\u00e3o do Anexo I da Lei Municipal n\u00b0 120 de 15 de dezembro de 1999, autoriza a adequa\u00e7\u00e3o do cargo de Fiscal de Tributos \u00e0 Classe H, cargo de n\u00edvel superior e d\u00e1 outras provid\u00eancias.","indexacao":"","observacao":"","resultado":"","texto_original":"http://sapl.tamarana.pr.leg.br/media/sapl/public/materialegislativa/2023/1425/projeto__lei_no_008_2023_fiscal_de_tributos.pdf","data_ultima_atualizacao":"2023-06-19T14:07:27.956742-03:00","ip":"45.229.91.94","ultima_edicao":"2023-04-06T14:59:26.863906-03:00","tipo":4,"regime_tramitacao":1,"tipo_origem_externa":null,"local_origem_externa":null,"user":18,"anexadas":[],"autores":[11]}