{"id":1282,"__str__":"-Indica\u00e7\u00e3o n\u00ba 213 de 2022","link_detail_backend":"/materia/1282","metadata":{},"numero":213,"ano":2022,"numero_protocolo":null,"data_apresentacao":"2022-12-07","tipo_apresentacao":"E","data_publicacao":null,"numero_origem_externa":"","ano_origem_externa":null,"data_origem_externa":null,"apelido":"","dias_prazo":null,"data_fim_prazo":null,"em_tramitacao":false,"polemica":false,"objeto":"","complementar":false,"ementa":"Reparo de meio fio e cal\u00e7ada localizada na Rua Evaristo Camargo em frente ao n\u00ba 951","indexacao":"Considerando reclama\u00e7\u00f5es de moradores e o risco de acidente com pedestres que ali transitam.\r\nConsiderando o dever do Munic\u00edpio em manter a devida manuten\u00e7\u00e3o e corre\u00e7\u00e3o das ruas em nossa cidade.\r\nIndicamos a mesa, depois de cumpridas as formalidades regimentais, seja oficiado o Exmo. Sra. Prefeita Municipal, solicitando tais provid\u00eancias.","observacao":"","resultado":"","texto_original":"http://sapl.tamarana.pr.leg.br/media/sapl/public/materialegislativa/2022/1282/ind._213-2022.pdf","data_ultima_atualizacao":"2023-02-06T16:21:10.629245-03:00","ip":"45.229.91.94","ultima_edicao":"2022-12-13T09:25:53.142881-03:00","tipo":8,"regime_tramitacao":1,"tipo_origem_externa":null,"local_origem_externa":null,"user":15,"anexadas":[],"autores":[24]}