{"id":1235,"__str__":"-Requerimento n\u00ba 59 de 2022","link_detail_backend":"/materia/1235","metadata":{},"numero":59,"ano":2022,"numero_protocolo":null,"data_apresentacao":"2022-11-03","tipo_apresentacao":"E","data_publicacao":null,"numero_origem_externa":"","ano_origem_externa":null,"data_origem_externa":null,"apelido":"","dias_prazo":null,"data_fim_prazo":null,"em_tramitacao":false,"polemica":false,"objeto":"","complementar":false,"ementa":"Requer informa\u00e7\u00f5es sobre o ve\u00edculo do Mun\u00edcipio apreendido pela Policia Rodovi\u00e1ria Federal","indexacao":"Recebemos denuncia que um ve\u00edculo do Mun\u00edcipio de Tamarana foi retido pela Policia Rodovi\u00e1ria Federal.\r\nSe a informa\u00e7\u00e3o procede, requeremos as seguintes informa\u00e7\u00f5es:\r\na) Qual o ve\u00edculo?\r\nb) Qual o motivo da apreens\u00e3o e qual o dia do ocorrido?\r\nc) Quem estava ocupando o ve\u00edculo (condutor e passageiros) na hora da apreens\u00e3o?\r\nd) Qual o motivo do deslocamento?\r\nVisando, o dever de fiscaliza\u00e7\u00e3o dos vereadores, pelo bom andamento dos servi\u00e7os prestados as comunidades pelo executivo, com base nos princ\u00edpios da legalidade, impessoalidade, moralidade, publicidade e efici\u00eancia, requererem a rela\u00e7\u00e3o dos documentos acima elencados. \r\nIndico a mesa, depois de cumpridas as formalidades regimentais, seja oficiado o Exma. Sra. Prefeita Municipal, solicitando tais provid\u00eancias.","observacao":"","resultado":"","texto_original":"http://sapl.tamarana.pr.leg.br/media/sapl/public/materialegislativa/2022/1235/req._059-22.pdf","data_ultima_atualizacao":"2022-12-05T13:08:49.285989-03:00","ip":"45.229.91.94","ultima_edicao":"2022-11-03T13:24:34.134331-03:00","tipo":9,"regime_tramitacao":1,"tipo_origem_externa":null,"local_origem_externa":null,"user":15,"anexadas":[],"autores":[24]}