{"id":1209,"__str__":"-Requerimento n\u00ba 53 de 2022","link_detail_backend":"/materia/1209","metadata":{},"numero":53,"ano":2022,"numero_protocolo":null,"data_apresentacao":"2022-10-20","tipo_apresentacao":"E","data_publicacao":null,"numero_origem_externa":"","ano_origem_externa":null,"data_origem_externa":null,"apelido":"","dias_prazo":null,"data_fim_prazo":null,"em_tramitacao":false,"polemica":false,"objeto":"","complementar":false,"ementa":"Convoca\u00e7\u00e3o da Secret\u00e1ria de Administra\u00e7\u00e3o Sra. Jane Gomes de Souza Uno para comparecer na sess\u00e3o da C\u00e2mara Municipal dia 07/11/22 \u00e0s 10 horas para esclarecimentos sobre o Preg\u00e3o Eletr\u00f4nico 050/2021- Contrata\u00e7\u00e3o de Pessoa Jur\u00eddica especializada na presta\u00e7\u00e3o de servi\u00e7o terceirizado","indexacao":"Considerando o Art. 251 do Regimento Interno desta Casa:\r\n\r\n\r\nArt. 251. A convoca\u00e7\u00e3o de secret\u00e1rios municipais, coordenadores ou equivalentes, dirigentes de \u00f3rg\u00e3os da administra\u00e7\u00e3o indireta e demais servidores, far-se-\u00e1, mediante requerimento escrito de um ter\u00e7o dos Vereadores e aprovado pelo plen\u00e1rio, ressalvada a compet\u00eancia das comiss\u00f5es permanentes e tempor\u00e1rias.\r\n\r\nConsiderando a informa\u00e7\u00e3o de que a Secretaria de Administra\u00e7\u00e3o est\u00e1 afastada por motivo de sa\u00fade conforme publica\u00e7\u00e3o no Di\u00e1rio Oficial do Munic\u00edpio.  \r\nRequeremos a altera\u00e7\u00e3o da data, anteriormente agendada, para o dia 07/11/22 contando com presen\u00e7a da Secretaria de Administra\u00e7\u00e3o para esclarecimentos sobre o Preg\u00e3o 050/2021 \u2013 \u201cContrata\u00e7\u00e3o de empresas para terceiriza\u00e7\u00e3o de servi\u00e7os\u201d realizada em outubro de 2021, e sua rela\u00e7\u00e3o com o Projeto de Lei 008/2022, s\u00famula: \u201cExtingue vagas e coloca em extin\u00e7\u00e3o cargos do Quadro Pr\u00f3prio de servidores p\u00fablicos Municipais constantes no Anexo I da Lei Municipal n\u00ba 120/1999, e d\u00e1 outras provid\u00eancias\u201d.\t\r\nJUSTIFICATIVA\r\nVisando, o dever de fiscaliza\u00e7\u00e3o dos vereadores, pelo bom andamento dos servi\u00e7os prestados as comunidades pelo executivo, com base nos princ\u00edpios da legalidade, impessoalidade, moralidade, publicidade e efici\u00eancia, requererem a presen\u00e7a da Secretaria de Administra\u00e7\u00e3o Sra. Jane Gomes de Souza Uno na Sess\u00e3o Ordin\u00e1ria a ser realizada dia 07/11/22 \u00e0s 10 horas. \r\nIndico a mesa, depois de cumpridas as formalidades regimentais, seja oficiado o Exma. Sra. Prefeita Municipal, solicitando tais provid\u00eancias.","observacao":"","resultado":"","texto_original":"http://sapl.tamarana.pr.leg.br/media/sapl/public/materialegislativa/2022/1209/req._053-22.pdf","data_ultima_atualizacao":"2022-11-10T15:59:06.329260-03:00","ip":"45.229.91.94","ultima_edicao":"2022-10-24T10:19:00.023168-03:00","tipo":9,"regime_tramitacao":1,"tipo_origem_externa":null,"local_origem_externa":null,"user":15,"anexadas":[],"autores":[24]}