{"id":1151,"__str__":"Audi\u00eancia P\u00fablica n\u00ba 3 de 2022","link_detail_backend":"/materia/1151","metadata":{},"numero":3,"ano":2022,"numero_protocolo":null,"data_apresentacao":"2022-09-21","tipo_apresentacao":"E","data_publicacao":null,"numero_origem_externa":"","ano_origem_externa":null,"data_origem_externa":null,"apelido":"","dias_prazo":null,"data_fim_prazo":null,"em_tramitacao":false,"polemica":false,"objeto":"","complementar":false,"ementa":"Convite \u2013 Audi\u00eancia P\u00fablica para apresenta\u00e7\u00e3o, avalia\u00e7\u00e3o do cumprimento das Metas Fiscais relativo ao 2\u00ba Quadrimestre de 2022","indexacao":"","observacao":"","resultado":"","texto_original":"http://sapl.tamarana.pr.leg.br/media/sapl/public/materialegislativa/2022/1151/oficio_no_207_2022_gabinete_da_prefeita_encaminha_convite_audiencia_publica.pdf","data_ultima_atualizacao":"2022-09-28T09:42:16.725859-03:00","ip":"45.229.91.94","ultima_edicao":"2022-09-28T09:42:15.572324-03:00","tipo":22,"regime_tramitacao":1,"tipo_origem_externa":null,"local_origem_externa":null,"user":16,"anexadas":[],"autores":[11]}