{"id":1146,"__str__":"Of\u00edcios n\u00ba 15 de 2022","link_detail_backend":"/materia/1146","metadata":{},"numero":15,"ano":2022,"numero_protocolo":null,"data_apresentacao":"2022-09-20","tipo_apresentacao":"E","data_publicacao":null,"numero_origem_externa":"","ano_origem_externa":null,"data_origem_externa":null,"apelido":"","dias_prazo":null,"data_fim_prazo":null,"em_tramitacao":true,"polemica":false,"objeto":"","complementar":false,"ementa":"Cumprimentando-o cordialmente, considerando:\r\n- o lapso temporal entre o envio do of\u00edcio 132/2022, com a solicita\u00e7\u00e3o de esclarecimentos sobre o andamento dos projetos de lei 012/2022, 011/2022, 08/2022, 06/2022. \r\n ...\r\nVimos por meio deste, solicitar urg\u00eancia para a tramita\u00e7\u00e3o do projeto de lei 08/2022, de 19/04/2022, \"extingue vagas e coloca em extin\u00e7\u00e3o cargos do Quadro Pr\u00f3prio de Servidores P\u00fablicos Municipais constantes do Anexo I da Lei Municipal, conforme artigo 164 do Regimento Interno da C\u00e2mara\"\r\n...","indexacao":"","observacao":"","resultado":"","texto_original":null,"data_ultima_atualizacao":"2022-09-26T14:15:26.081726-03:00","ip":"45.229.91.94","ultima_edicao":"2022-09-20T16:30:59.514550-03:00","tipo":21,"regime_tramitacao":1,"tipo_origem_externa":null,"local_origem_externa":null,"user":16,"anexadas":[],"autores":[11]}