{"id":1132,"__str__":"-Indica\u00e7\u00e3o n\u00ba 154 de 2022","link_detail_backend":"/materia/1132","metadata":{},"numero":154,"ano":2022,"numero_protocolo":null,"data_apresentacao":"2022-09-06","tipo_apresentacao":"E","data_publicacao":null,"numero_origem_externa":"","ano_origem_externa":null,"data_origem_externa":null,"apelido":"","dias_prazo":null,"data_fim_prazo":null,"em_tramitacao":false,"polemica":false,"objeto":"","complementar":false,"ementa":"Constru\u00e7\u00e3o de cal\u00e7adas nas ruas \u2013 Jardim Juny, Esperan\u00e7a, Vila Siena e Europa","indexacao":"Considerando que a cal\u00e7ada faz necess\u00e1ria para melhor seguran\u00e7a aos pedestres, sendo que algumas ruas s\u00e3o estreitas e apertadas, dificultando a locomo\u00e7\u00e3o dos transeuntes que s\u00e3o obrigados a dividir o espa\u00e7o destinado aos carros, pois n\u00e3o existe cal\u00e7ada, prejudicando a livre circula\u00e7\u00e3o da popula\u00e7\u00e3o, principalmente das crian\u00e7as, idosos e portadores de necessidades especiais. \r\nConsiderando que o cal\u00e7amento contribui para o embelezamento das vias p\u00fablicas.\r\nA constru\u00e7\u00e3o da cal\u00e7ada se faz necess\u00e1ria e urgente, pois o objetivo principal \u00e9 dar seguran\u00e7a aos pedestres, evitando poss\u00edveis acidentes dos pedestres.\r\nIndicamos a mesa, depois de cumpridas as formalidades regimentais, seja oficiado o Exmo. Sra. Prefeita Municipal, solicitando tais provid\u00eancias.","observacao":"","resultado":"","texto_original":"http://sapl.tamarana.pr.leg.br/media/sapl/public/materialegislativa/2022/1132/ind._154-22.pdf","data_ultima_atualizacao":"2022-10-03T16:00:44.413456-03:00","ip":"45.229.91.94","ultima_edicao":"2022-09-08T14:29:30.256282-03:00","tipo":8,"regime_tramitacao":1,"tipo_origem_externa":null,"local_origem_externa":null,"user":15,"anexadas":[],"autores":[9]}