{"id":1131,"__str__":"-Indica\u00e7\u00e3o n\u00ba 153 de 2022","link_detail_backend":"/materia/1131","metadata":{},"numero":153,"ano":2022,"numero_protocolo":null,"data_apresentacao":"2022-09-06","tipo_apresentacao":"E","data_publicacao":null,"numero_origem_externa":"","ano_origem_externa":null,"data_origem_externa":null,"apelido":"","dias_prazo":null,"data_fim_prazo":null,"em_tramitacao":false,"polemica":false,"objeto":"","complementar":false,"ementa":"Reparos na tampa de boca de lobo \u2013 Rua Arlindo Pereira de Ara\u00fajo com a Anci\u00e3o Vicente Subtil de Oliveira","indexacao":"Considerando que o Executivo realizou recape asf\u00e1ltico no entroncamento destas ruas.\r\nConsiderando que o bueiro encontra-se danificado, podendo causar acidentes com pedestres, ciclista e at\u00e9 ve\u00edculos que por ali transitam.\r\nIndicamos que o Executivo providencie com urg\u00eancia reparos nesta boca do loco,\r\nIndicamos a mesa, depois de cumpridas as formalidades regimentais, seja oficiado o Exmo. Sra. Prefeita Municipal, solicitando tais provid\u00eancias.","observacao":"","resultado":"","texto_original":"http://sapl.tamarana.pr.leg.br/media/sapl/public/materialegislativa/2022/1131/ind._153-22.pdf","data_ultima_atualizacao":"2022-10-03T15:59:46.260224-03:00","ip":"45.229.91.94","ultima_edicao":"2022-09-08T14:29:05.945197-03:00","tipo":8,"regime_tramitacao":1,"tipo_origem_externa":null,"local_origem_externa":null,"user":15,"anexadas":[],"autores":[5]}