{"id":1118,"__str__":"Of\u00edcios n\u00ba 10 de 2022","link_detail_backend":"/materia/1118","metadata":{},"numero":10,"ano":2022,"numero_protocolo":null,"data_apresentacao":"2022-08-26","tipo_apresentacao":"E","data_publicacao":null,"numero_origem_externa":"","ano_origem_externa":null,"data_origem_externa":null,"apelido":"","dias_prazo":null,"data_fim_prazo":null,"em_tramitacao":false,"polemica":false,"objeto":"","complementar":false,"ementa":"Of. n\u00ba 458/2022 \u2013 10\u00ba PJLD \u2013 Encaminha Recomenda\u00e7\u00e3o Administrativa n\u00ba 012/2022 para instruir os autos de inqu\u00e9rito civil MPPR-0078.18.009848-1 sobre a necessidade de regularizar a atua\u00e7\u00e3o, adequar a conduta do Munic\u00edpio aos preceitos inscritos nesse compromisso, de forma a superar a atual omiss\u00e3o e situa\u00e7\u00e3o de viola\u00e7\u00e3o de direitos das crian\u00e7as e adolescentes em Tamarana Pr.","indexacao":"","observacao":"","resultado":"","texto_original":"http://sapl.tamarana.pr.leg.br/media/sapl/public/materialegislativa/2022/1118/12.2022_-_prefeita_de_tamarana_3.pdf","data_ultima_atualizacao":"2022-08-29T14:56:29.104541-03:00","ip":"45.229.91.94","ultima_edicao":"2022-08-26T10:07:44.091923-03:00","tipo":21,"regime_tramitacao":1,"tipo_origem_externa":null,"local_origem_externa":null,"user":15,"anexadas":[],"autores":[37]}