{"id":1101,"__str__":"-Requerimento n\u00ba 37 de 2022","link_detail_backend":"/materia/1101","metadata":{},"numero":37,"ano":2022,"numero_protocolo":null,"data_apresentacao":"2022-08-18","tipo_apresentacao":"E","data_publicacao":null,"numero_origem_externa":"","ano_origem_externa":null,"data_origem_externa":null,"apelido":"","dias_prazo":null,"data_fim_prazo":null,"em_tramitacao":false,"polemica":false,"objeto":"","complementar":false,"ementa":"Requer informa\u00e7\u00f5es sobre a campanha da 5\u00aa dose da vacina contra a Covid.","indexacao":"Considerando reportagem exibida pela RPC \u2013 Rede Paraense de Comunica\u00e7\u00e3o Rede Globo dia 15/08/2022 no Jornal do Meio dia, conforme link abaixo:\r\nhttps://globoplay.globo.com/v/10850206/?utm_source=whatsapp&utm_medium=share-bar\r\nConsiderando que fomos procurados por usu\u00e1rios relatando a suspens\u00e3o da aplica\u00e7\u00e3o da 5\u00aa dose da vacina.\t\r\nConsiderando o dever de fiscaliza\u00e7\u00e3o dos vereadores, pelo bom andamento dos servi\u00e7os prestados as comunidades pelo executivo, com base no princ\u00edpio da publicidade, requererem as informa\u00e7\u00f5es abaixo elencados:\r\n\uf0d8\tQual o lote de vacina utilizado nesta campanha (5\u00aa dose);\r\n\uf0d8\tb) Qual a quantidade de doses dispon\u00edveis para vacina\u00e7\u00e3o, uma vez que segundo a reportagem ainda falta aproximadamente 3.300 pessoas (95% do p\u00fablico alvo) para serem vacinados;\r\n\uf0d8\tc) Onde est\u00e3o sendo feitos os agendamentos do p\u00fablico alvo;\r\n\uf0d8\td) Existe alguma orienta\u00e7\u00e3o ou determina\u00e7\u00e3o da 17\u00ba Regional de Sa\u00fade para esta campanha.\r\n\r\nIndico a mesa, depois de cumpridas as formalidades regimentais, seja oficiado o Exma. Sra. Prefeita Municipal, solicitando tais provid\u00eancias.","observacao":"","resultado":"","texto_original":"http://sapl.tamarana.pr.leg.br/media/sapl/public/materialegislativa/2022/1101/req._037-22.pdf","data_ultima_atualizacao":"2022-09-12T14:09:04.639905-03:00","ip":"45.229.91.94","ultima_edicao":"2022-08-19T13:42:26.850395-03:00","tipo":9,"regime_tramitacao":1,"tipo_origem_externa":null,"local_origem_externa":null,"user":15,"anexadas":[],"autores":[24]}