{"id":1064,"__str__":"-Indica\u00e7\u00e3o n\u00ba 115 de 2022","link_detail_backend":"/materia/1064","metadata":{},"numero":115,"ano":2022,"numero_protocolo":null,"data_apresentacao":"2022-06-22","tipo_apresentacao":"E","data_publicacao":null,"numero_origem_externa":"","ano_origem_externa":null,"data_origem_externa":null,"apelido":"","dias_prazo":null,"data_fim_prazo":null,"em_tramitacao":false,"polemica":false,"objeto":"","complementar":false,"ementa":"Regulariza\u00e7\u00e3o das cal\u00e7adas na \u00e1rea urbana de Tamarana.","indexacao":"Considerando os pedidos dos moradores de diversas localidades da cidade, relatando que algumas cal\u00e7adas devido planta\u00e7\u00f5es, \u00e1rvores, entulhos e afins est\u00e3o impossibilitas de caminhar,\r\nConsiderando a seguran\u00e7a dos pedestres que necessitam das ca\u00e7adas para transitarem em local seguro. \r\nConsiderando que a cal\u00e7ada ir\u00e1 garantir al\u00e9m de seguran\u00e7a, um local para passeios de uso p\u00fablico e acessibilidade de circula\u00e7\u00e3o. \r\nConsiderando perigos que as cal\u00e7adas deterioradas ou a falta dela traz ao pedestre, colocando em risco suas vidas.\r\nA presente indica\u00e7\u00e3o visa a constru\u00e7\u00e3o de cal\u00e7adas na \u00e1rea urbana da cidade, bem como a recupera\u00e7\u00e3o das cal\u00e7adas deterioradas. \r\nIndicamos tamb\u00e9m sobre estudos de parceria do munic\u00edpio com o propriet\u00e1rio do im\u00f3vel. \r\nIndico a mesa, depois de cumpridas as formalidades regimentais, seja oficiado o Exma. Sra. Prefeita Municipal, solicitando tais provid\u00eancias.","observacao":"","resultado":"","texto_original":"http://sapl.tamarana.pr.leg.br/media/sapl/public/materialegislativa/2022/1064/ind._115-22.pdf","data_ultima_atualizacao":"2022-08-08T13:56:38.613411-03:00","ip":"45.229.91.94","ultima_edicao":"2022-06-27T11:47:01.985279-03:00","tipo":8,"regime_tramitacao":1,"tipo_origem_externa":null,"local_origem_externa":null,"user":15,"anexadas":[],"autores":[]}