{"id":1058,"__str__":"-Projeto de Lei Ordin\u00e1ria do Executivo n\u00ba 13 de 2022","link_detail_backend":"/materia/1058","metadata":{},"numero":13,"ano":2022,"numero_protocolo":null,"data_apresentacao":"2022-06-15","tipo_apresentacao":"E","data_publicacao":null,"numero_origem_externa":"","ano_origem_externa":null,"data_origem_externa":null,"apelido":"","dias_prazo":null,"data_fim_prazo":null,"em_tramitacao":false,"polemica":false,"objeto":"","complementar":false,"ementa":"Encaminha em Regime de Urg\u00eancia projeto de Lei que \"Altera o artigo 1\u00ba da Lei 1484 de 04 de abril de 2022\"","indexacao":"Cumprimentando-o cordialmente, venho \u00e0 presen\u00e7a de Vossa Excel\u00eancia e dignos Pares, encaminhar o Projeto de Lei que: \r\n\"Altera o artigo 1\u00ba da Lei 1484/2022, de 04 de abril de 2022 que autorizou o Munic\u00edpio de Tamarana a contratar profissionais para prestarem servi\u00e7o na Secretaria Municipal de Sa\u00fade por tempo determinado, via Processo Seletivo, e d\u00e1 outras provid\u00eancias\". \r\nCom fulcro no art.. 29, I da Lei Org\u00e2nica do Munic\u00edpio de Tamarana convoca-se sess\u00e3o legislativa Extraordin\u00e1ria ante a necessidade de adequa\u00e7\u00e3o do nosso quadro de servidores. \r\nNa certeza de contar com a colabora\u00e7\u00e3o dos nobres Edis, colocamo-nos \u00e0 inteira disposi\u00e7\u00e3o para quaisquer esclarecimentos.","observacao":"","resultado":"","texto_original":"http://sapl.tamarana.pr.leg.br/media/sapl/public/materialegislativa/2022/1058/pl_-_013-22.pdf","data_ultima_atualizacao":"2022-07-01T10:58:58.194652-03:00","ip":"45.229.91.94","ultima_edicao":"2022-06-27T11:58:12.810305-03:00","tipo":4,"regime_tramitacao":2,"tipo_origem_externa":null,"local_origem_externa":null,"user":15,"anexadas":[],"autores":[33]}