{"id":1055,"__str__":"-Indica\u00e7\u00e3o n\u00ba 114 de 2022","link_detail_backend":"/materia/1055","metadata":{},"numero":114,"ano":2022,"numero_protocolo":null,"data_apresentacao":"2022-06-15","tipo_apresentacao":"E","data_publicacao":null,"numero_origem_externa":"","ano_origem_externa":null,"data_origem_externa":null,"apelido":"","dias_prazo":null,"data_fim_prazo":null,"em_tramitacao":false,"polemica":false,"objeto":"","complementar":false,"ementa":"Solicita ao Executivo Municipal. tomada de provid\u00eancias para instala\u00e7\u00e3o de academia ao ar livre na Vila Rural I.","indexacao":"A presente indica\u00e7\u00e3o tem o objetivo de promover melhores condi\u00e7\u00f5es \u00e0 popula\u00e7\u00e3o, que fazem uso daqueles espa\u00e7o, atrav\u00e9s de melhor bem estar e seguran\u00e7a, atendendo da melhor forma poss\u00edvel as pessoas. \u00c9 importante que os moradores da regi\u00e3o tenham acesso a este benef\u00edcio j\u00e1 concedido em outros bairros. Essa academia, \u00e9 um incentivo \u00e0 pr\u00e1tica de atividades f\u00edsicas, e extremamente ben\u00e9fica \u00e0 sa\u00fade. Al\u00e9m de proporcionar um espa\u00e7o de bem estar, promover\u00e1 intera\u00e7\u00e3o aos moradores dessa determinada localidade. \r\nAssim, pedimos provid\u00eancias para que juntamente com o setor competente busque a solu\u00e7\u00e3o o mais r\u00e1pido poss\u00edvel. \r\nIndicamos a mesa, depois de cumpridas as formalidades regimentais, seja oficiado a Exma. Sra. Prefeita Municipal solicitando tais provid\u00eancias.","observacao":"","resultado":"","texto_original":"http://sapl.tamarana.pr.leg.br/media/sapl/public/materialegislativa/2022/1055/ind._114_-_jislaine_-_academia_ao_ar_livre_vila_i.pdf","data_ultima_atualizacao":"2022-08-08T13:55:05.140905-03:00","ip":"45.229.91.94","ultima_edicao":"2022-06-15T16:32:21.499405-03:00","tipo":8,"regime_tramitacao":1,"tipo_origem_externa":null,"local_origem_externa":null,"user":16,"anexadas":[],"autores":[25]}