{"id":1052,"__str__":"-Requerimento n\u00ba 30 de 2022","link_detail_backend":"/materia/1052","metadata":{},"numero":30,"ano":2022,"numero_protocolo":null,"data_apresentacao":"2022-06-15","tipo_apresentacao":"E","data_publicacao":null,"numero_origem_externa":"","ano_origem_externa":null,"data_origem_externa":null,"apelido":"","dias_prazo":null,"data_fim_prazo":null,"em_tramitacao":false,"polemica":false,"objeto":"","complementar":false,"ementa":"REQUER INFORMA\u00c7\u00d5ES SOBRE TRANSPORTE ESCOLAR.","indexacao":"Considerando que fomos procurado pelo senhor Adriano Carrera, morador no S\u00edtio S\u00e3o Sebasti\u00e3o Assentamento Mandassaia que nos relatou que o \u00f4nibus do transporte escolar n\u00e3o tem ido buscar sua filha no ponto a v\u00e1rias semanas.\r\nQue a linha \u00e9 a 07 de responsabilidade da empresa GG TRANSPORTES  com o trajeto: Assentamento Mandassaia, (Rubens), Grupo Brasil, Walter Senhorinho, Bairro dos Moreira, (Abel), Vila Rural 2, Tamarana Quantidade de km de terra.\r\n\r\nDiante de tal reclama\u00e7\u00e3o requeremos as seguintes informa\u00e7\u00f5es:\r\n\r\n\u2022\tQuem \u00e9 o fiscal respons\u00e1vel pela fiscaliza\u00e7\u00e3o e autoriza\u00e7\u00e3o para pagamento da empresa;\r\n\r\n\u2022\tPor qual  motivo  n\u00e3o est\u00e1 sendo realizado o transporte desta aluna;\r\n\r\n\u2022\tSe a empresa n\u00e3o est\u00e1 prestando os servi\u00e7os contratados, quais as medidas que a prefeitura vai tomar em rela\u00e7\u00e3o ao caso citado.","observacao":"Visando o dever de fiscaliza\u00e7\u00e3o dos vereadores, pelo bom andamento dos servi\u00e7os prestados as comunidades pelo executivo, com base no princ\u00edpio da publicidade, requererem a rela\u00e7\u00e3o e c\u00f3pia dos documentos acima elencados. \r\nIndico a mesa, depois de cumpridas as formalidades regimentais, seja oficiado o Exma. Sra. Prefeita Municipal, solicitando tais provid\u00eancias.","resultado":"","texto_original":"http://sapl.tamarana.pr.leg.br/media/sapl/public/materialegislativa/2022/1052/requerimento_030_2022.pdf","data_ultima_atualizacao":"2022-08-02T08:22:39.699284-03:00","ip":"45.229.91.94","ultima_edicao":"2022-06-20T14:37:35.360655-03:00","tipo":9,"regime_tramitacao":1,"tipo_origem_externa":null,"local_origem_externa":null,"user":16,"anexadas":[],"autores":[24]}