{"id":1009,"__str__":"-Indica\u00e7\u00e3o n\u00ba 92 de 2022","link_detail_backend":"/materia/1009","metadata":{},"numero":92,"ano":2022,"numero_protocolo":null,"data_apresentacao":"2022-05-12","tipo_apresentacao":"E","data_publicacao":null,"numero_origem_externa":"","ano_origem_externa":null,"data_origem_externa":null,"apelido":"","dias_prazo":null,"data_fim_prazo":null,"em_tramitacao":false,"polemica":false,"objeto":"","complementar":false,"ementa":"Regulamenta\u00e7\u00e3o de estacionamento de ve\u00edculos em toda a extens\u00e3o da Rua Anci\u00e3o Vicente Subtil de Oliveira.","indexacao":"Indicamos ao Executivo que inicie planejamento visando \u00e0 regulamenta\u00e7\u00e3o de estacionamento de ve\u00edculos na Rua Anci\u00e3o Vicente Subtil de Oliveira.\r\nConsiderando que a rua mencionada \u00e9 bastante movimentada e necessita estar com sua sinaliza\u00e7\u00e3o devidamente regulamentada, visando a seguran\u00e7a dos pedestres. \r\nConsiderando que est\u00e1 via liga importantes bairros urbanos e rurais ao centro da cidade, como tamb\u00e9m est\u00e1 localizada a sede da Igreja Congrega\u00e7\u00e3o Crist\u00e3.\r\nConsiderando que o estacionamento dos dois lados acarreta um grande transtorno para os motoristas, e mais ainda nos dias de safra por conta do tr\u00e1fego das colheitadeiras/maquin\u00e1rios que transitam por ali, deixando o transito mais lento e perigoso. \r\nIndicamos um planejamento/estudos para que seja regulamentado estacionamento em apenas um dos lados da via. \r\nIndicamos a mesa, depois de cumpridas as formalidades regimentais, seja oficiado a Exma. Sra. Prefeita Municipal, solicitando tais provid\u00eancias.","observacao":"","resultado":"","texto_original":"http://sapl.tamarana.pr.leg.br/media/sapl/public/materialegislativa/2022/1009/indicacao_092_2022.pdf","data_ultima_atualizacao":"2022-06-07T11:01:43.145830-03:00","ip":"45.229.91.94","ultima_edicao":"2022-06-07T11:01:43.046250-03:00","tipo":8,"regime_tramitacao":1,"tipo_origem_externa":null,"local_origem_externa":null,"user":16,"anexadas":[],"autores":[16]}