{"id":949,"__str__":"Parecer - Comiss\u00e3o de Justi\u00e7a de 13/09/2023 por Comiss\u00e3o de Justi\u00e7a, Finan\u00e7as, Legisla\u00e7\u00e3o e Tomadas de Contas","link_detail_backend":"/materia/documentoacessorio/949","metadata":{},"nome":"Comiss\u00e3o de Justi\u00e7a","data":"2023-09-13","autor":"Comiss\u00e3o de Justi\u00e7a, Finan\u00e7as, Legisla\u00e7\u00e3o e Tomadas de Contas","ementa":"Parecer favor\u00e1vel.","indexacao":"","arquivo":"http://sapl.tamarana.pr.leg.br/media/sapl/public/documentoacessorio/2023/949/cj.parecer_018-2023.pl_018-2023.repasse_custeio_samu.pdf","data_ultima_atualizacao":"2023-10-18T16:34:44.744012-03:00","materia":1525,"tipo":3}