{"id":944,"__str__":"Parecer - Comiss\u00e3o de Via\u00e7\u00e3o de 15/09/2023 por Comiss\u00e3o de Via\u00e7\u00e3o, Obras P\u00fablicas e Transportes","link_detail_backend":"/materia/documentoacessorio/944","metadata":{},"nome":"Comiss\u00e3o de Via\u00e7\u00e3o","data":"2023-09-15","autor":"Comiss\u00e3o de Via\u00e7\u00e3o, Obras P\u00fablicas e Transportes","ementa":"Parecer favor\u00e1vel.","indexacao":"","arquivo":"http://sapl.tamarana.pr.leg.br/media/sapl/public/documentoacessorio/2023/944/cv.parecer_005-2023.pl_009-2023.banco_de_horas.pdf","data_ultima_atualizacao":"2023-10-18T15:23:07.525487-03:00","materia":1451,"tipo":3}