{"id":888,"__str__":"Parecer - Com. Justi\u00e7a, Finan\u00e7as e Legisla\u00e7\u00e3o de 16/06/2023 por Comiss\u00e3o de Justi\u00e7a, Finan\u00e7as, Legisla\u00e7\u00e3o e tomadas de Contas.","link_detail_backend":"/materia/documentoacessorio/888","metadata":{},"nome":"Com. Justi\u00e7a, Finan\u00e7as e Legisla\u00e7\u00e3o","data":"2023-06-16","autor":"Comiss\u00e3o de Justi\u00e7a, Finan\u00e7as, Legisla\u00e7\u00e3o e tomadas de Contas.","ementa":"Trata-se de Projeto de Lei, encaminhado pelo Executivo Municipal a esta Casa Legislativa, na data de 05.06.2023, o qual disp\u00f5e sobre a institui\u00e7\u00e3o do novo Programa de Recupera\u00e7\u00e3o Fiscal \u2014 REFIS/2023, no Munic\u00edpio de Tamarana.\r\nReferido projeto foi devidamente autuado e registrado sob o n\u00b0 011/2023, recebendo esta Comiss\u00e3o para aprecia\u00e7\u00e3o.","indexacao":"","arquivo":"http://sapl.tamarana.pr.leg.br/media/sapl/public/documentoacessorio/2023/888/parecer112023_-_justica.pdf","data_ultima_atualizacao":"2023-07-31T16:27:39.326942-03:00","materia":1481,"tipo":3}