{"id":880,"__str__":"Parecer - Com. Justi\u00e7a, Finan\u00e7as e Legisla\u00e7\u00e3o de 17/04/2023 por Comiss\u00e3o de Justi\u00e7a, Finan\u00e7as, Legisla\u00e7\u00e3o e tomadas de Contas.","link_detail_backend":"/materia/documentoacessorio/880","metadata":{},"nome":"Com. Justi\u00e7a, Finan\u00e7as e Legisla\u00e7\u00e3o","data":"2023-04-17","autor":"Comiss\u00e3o de Justi\u00e7a, Finan\u00e7as, Legisla\u00e7\u00e3o e tomadas de Contas.","ementa":"Trata-se de Projeto de Lei, encaminhado pelo Executivo Municipal a esta Casa Legislativa, na data de 14.03.2023, o qual disp\u00f5e sobre a cria\u00e7\u00e3o de cargo efetivo de T\u00e9cnico de Enfermagem no quadro pr\u00f3prio de servidores p\u00fablicos municipais, constante no Anexo I, da Lei Municipal n\u00b0 120/1999.\r\nReferido projeto foi devidamente autuado e registrado sob o n\u00b0 005/2023, recebendo esta Comiss\u00e3o para aprecia\u00e7\u00e3o.","indexacao":"","arquivo":"http://sapl.tamarana.pr.leg.br/media/sapl/public/documentoacessorio/2023/880/parecer052023_-_justica.pdf","data_ultima_atualizacao":"2023-07-31T15:58:19.565516-03:00","materia":1389,"tipo":3}