{"id":445,"__str__":"Of\u00edcio - 02/2022 de 20/09/2022 por Minist\u00e9rio P\u00fablico","link_detail_backend":"/materia/documentoacessorio/445","metadata":{},"nome":"02/2022","data":"2022-09-20","autor":"Minist\u00e9rio P\u00fablico","ementa":"Recomenda\u00e7\u00e3o Administrativa 02/2022","indexacao":"","arquivo":"http://sapl.tamarana.pr.leg.br/media/sapl/public/documentoacessorio/2022/445/ra_02.2022_-_0078.21.003235-1_-_adequacao_orcamento_tamarana.pdf","data_ultima_atualizacao":"2022-09-20T09:44:58.559477-03:00","materia":1119,"tipo":7}